{"id":514,"date":"2001-10-04T18:10:50","date_gmt":"2001-10-04T16:10:50","guid":{"rendered":"https:\/\/alexanderkoch.info\/?p=514"},"modified":"2025-04-25T00:09:45","modified_gmt":"2025-04-24T22:09:45","slug":"local-motion-2001","status":"publish","type":"post","link":"https:\/\/alexanderkoch.info\/en\/local-motion-2001\/","title":{"rendered":"Local Motion (2001)"},"content":{"rendered":"<h2><span style=\"font-family: var(--heading--font-family); font-size: var(--heading--font-size-h2); letter-spacing: var(--heading--letter-spacing-h2);\">Galerie f\u00fcr Zeitgen\u00f6ssische Kunst Leipzig<\/span><\/h2>\n<h2><span style=\"font-weight: 400;\">Mit Frank Berger, Helmuth Berking, Nathan Coley, Waltraud Kokot, Martina L\u00f6w, Gitte Villesen, kuratiert von Alexander Koch, Stefanie Sembill und Tilo Schulz<\/span><\/h2>\n<p>Globalisierung. Kaum ein Schlagwort verk\u00f6rpert besser, was den gesellschaftlichen Wandel der vergangenen Jahrzehnte auszeichnet. Kaum ein Thema, das den vision\u00e4ren, den kulturkritischen und den reaktion\u00e4ren Entw\u00fcrfen einer Welt von Morgen gleicherma\u00dfen als Projektionsfl\u00e4che dient. In popul\u00e4ren Metaphern wie McDonalds und Madonna, Cyberspace und E-Commerce, treffen \u00c4ngste und Utopien aufeinander. In ihnen erscheint die Globalisierung als eine Dynamik der Entgrenzung, die alle Lebensbereiche erfasst: physische R\u00e4ume und K\u00f6rper werden \u00fcberwunden, kulturelle Unterschiede nivelliert, M\u00e4rkte und Waren, Identit\u00e4ten und Menschen sind jederzeit an jedem Ort verf\u00fcgbar. Was aber erst allm\u00e4hlich in den Blick einer gr\u00f6\u00dferen \u00d6ffentlichkeit ger\u00e4t, ist die Tatsache, dass sich diese Dynamik in den jeweils lokalen Dimensionen unseres t\u00e4glichen Lebens manifestiert und unser Verst\u00e4ndnis von Lokalit\u00e4t dabei nachhaltig ver\u00e4ndert.<\/p>\n<p>Mit drei k\u00fcnstlerischen Positionen und einem Programm an K\u00fcnstlergespr\u00e4chen, Literaturangeboten, Diskussionen, F\u00fchrungen und Vortr\u00e4gen geht &#8220;LocalMotion&#8221; der Frage nach, \u201eLocalMotion\u201c verfolgt die Frage, welche Rolle dem Lokalen innerhalb einer globalisierten Gesellschaft heute zukommt und welche Perspektiven und Handlungsr\u00e4ume es \u2013 jenseits einer Orientierung an Regionalismen und Nationalismen \u2013 er\u00f6ffnet.<\/p>\n<p><a href=\"https:\/\/gfzk.de\/2001\/localmotion\/\">https:\/\/gfzk.de\/2001\/localmotion\/<\/a><\/p>\n<p><img loading=\"lazy\" decoding=\"async\" class=\"alignnone wp-image-1556\" src=\"https:\/\/alexanderkoch.info\/wp-content\/uploads\/2024\/10\/result_local-motion_2001_Seite_1-300x138.jpg\" alt=\"\" width=\"734\" height=\"338\" srcset=\"https:\/\/alexanderkoch.info\/wp-content\/uploads\/2024\/10\/result_local-motion_2001_Seite_1-300x138.jpg 300w, https:\/\/alexanderkoch.info\/wp-content\/uploads\/2024\/10\/result_local-motion_2001_Seite_1-1024x470.jpg 1024w, https:\/\/alexanderkoch.info\/wp-content\/uploads\/2024\/10\/result_local-motion_2001_Seite_1-768x353.jpg 768w, https:\/\/alexanderkoch.info\/wp-content\/uploads\/2024\/10\/result_local-motion_2001_Seite_1-1536x706.jpg 1536w, https:\/\/alexanderkoch.info\/wp-content\/uploads\/2024\/10\/result_local-motion_2001_Seite_1-2048x941.jpg 2048w, https:\/\/alexanderkoch.info\/wp-content\/uploads\/2024\/10\/result_local-motion_2001_Seite_1-1568x720.jpg 1568w\" sizes=\"auto, (max-width: 734px) 100vw, 734px\" \/><\/p>\n","protected":false},"excerpt":{"rendered":"<p>Galerie f\u00fcr Zeitgen\u00f6ssische Kunst Leipzig<\/p>\n<p>For my first project in an institutional setting, I was primarily responsible for developing the discursive program and designed a corresponding timeline as a wall display. Featuring Frank Berger, Helmuth Berking, Nathan Coley, Waltraud Kokot, Martina L\u00f6w, Gitte Villesen, curated by Alexander Koch, Stefanie Sembill, and Tilo Schulz<\/p>\n","protected":false},"author":3,"featured_media":1549,"comment_status":"closed","ping_status":"closed","sticky":false,"template":"","format":"standard","meta":{"rop_custom_images_group":[],"rop_custom_messages_group":[],"rop_publish_now":"initial","rop_publish_now_accounts":[],"rop_publish_now_history":[],"rop_publish_now_status":"pending","footnotes":""},"categories":[14],"tags":[],"class_list":["post-514","post","type-post","status-publish","format-standard","has-post-thumbnail","hentry","category-exhibitions","entry"],"translation":{"provider":"WPGlobus","version":"3.0.2","language":"en","enabled_languages":["de","en"],"languages":{"de":{"title":true,"content":true,"excerpt":true},"en":{"title":false,"content":false,"excerpt":true}}},"_links":{"self":[{"href":"https:\/\/alexanderkoch.info\/en\/wp-json\/wp\/v2\/posts\/514","targetHints":{"allow":["GET"]}}],"collection":[{"href":"https:\/\/alexanderkoch.info\/en\/wp-json\/wp\/v2\/posts"}],"about":[{"href":"https:\/\/alexanderkoch.info\/en\/wp-json\/wp\/v2\/types\/post"}],"author":[{"embeddable":true,"href":"https:\/\/alexanderkoch.info\/en\/wp-json\/wp\/v2\/users\/3"}],"replies":[{"embeddable":true,"href":"https:\/\/alexanderkoch.info\/en\/wp-json\/wp\/v2\/comments?post=514"}],"version-history":[{"count":11,"href":"https:\/\/alexanderkoch.info\/en\/wp-json\/wp\/v2\/posts\/514\/revisions"}],"predecessor-version":[{"id":3260,"href":"https:\/\/alexanderkoch.info\/en\/wp-json\/wp\/v2\/posts\/514\/revisions\/3260"}],"wp:featuredmedia":[{"embeddable":true,"href":"https:\/\/alexanderkoch.info\/en\/wp-json\/wp\/v2\/media\/1549"}],"wp:attachment":[{"href":"https:\/\/alexanderkoch.info\/en\/wp-json\/wp\/v2\/media?parent=514"}],"wp:term":[{"taxonomy":"category","embeddable":true,"href":"https:\/\/alexanderkoch.info\/en\/wp-json\/wp\/v2\/categories?post=514"},{"taxonomy":"post_tag","embeddable":true,"href":"https:\/\/alexanderkoch.info\/en\/wp-json\/wp\/v2\/tags?post=514"}],"curies":[{"name":"wp","href":"https:\/\/api.w.org\/{rel}","templated":true}]}}