{"id":154,"date":"2001-08-15T10:10:06","date_gmt":"2001-08-15T08:10:06","guid":{"rendered":"https:\/\/alexanderkoch.info\/?p=154"},"modified":"2024-10-26T11:22:07","modified_gmt":"2024-10-26T09:22:07","slug":"kunst-interkontextualitaet","status":"publish","type":"post","link":"https:\/\/alexanderkoch.info\/en\/kunst-interkontextualitaet\/","title":{"rendered":"Kunst &#038; Interkontextualit\u00e4t (2001)"},"content":{"rendered":"<p>Kunst &amp; Interkontextualit\u00e4t<br \/>\nMit Jean-Christophe Ammann, Bettina Allamoda, Christine Eichel, Hans Dieter Huber, Christian Janecke, Dietmar Kamper, Olaf Nicolai, Horst Prehn<br \/>\nHerausgegeben von Alexander Koch und Marcel Bu\u0308hler<br \/>\nSalon Verlag, Berlin 2001<\/p>\n<p>&#8220;Die 90er Jahre waren erneut von der Hoffnung getragen, k\u00fcnstlerisches Handeln k\u00f6nne auf verschiedenen Feldern gesellschaftlicher Wirklichkeit (re)aktiviert werden. Was aber tats\u00e4chlich geschieht, wenn dabei das Feld der Kunst etwa mit jenem der Politik, der \u00d6konomie oder der Wissenschaft in ein Wechselverh\u00e4ltnis tritt, war und ist Gegenstand umfangreicher und kontroverser Diskussion.<\/p>\n<p>\u201cWie faltet sich die Kunst in ein Anderes, und wie faltet sich ein Anderes in die Kunst?\u201d<br \/>\nMit dieser Frage schaltete sich schau-vogel-schau am Ende der 90er in die laufende Diskussion und wollte wissen, auf welche Weise sich der Kontext der Kunst in seiner Bedeutung und Funktion modifiziert und ob sich \u201cKunst und Anderes\u201d nicht auf neuartige Weise ineinander falten: In einem interkontextuellen Proze\u00df, bei dem K\u00fcnstlerinnen und K\u00fcnstler mitunter ungewohnte Rollen einnehmen und der den Handlungs-, und Rezeptionsweisen im Kunstfeld eine ver\u00e4nderte Perspektive bietet.<\/p>\n<p>\u201cschau-vogel-schau \u2013 Das Symposium \u00fcber interkontextuelle k\u00fcnstlerische Kompetenz\u201d versammelte um diese Frage K\u00fcnstlerInnen, Vermittler, Natur- und GeisteswissenschaftlerInnen. Ihre Auseinandersetzung wurde dieses Buch.&#8221;<\/p>\n<p>Inhalt:<\/p>\n<p>MARCEL B\u00dcHLER, ALEXANDER KOCH<br \/>\nVorwort<\/p>\n<p>ALEXANDER KOCH<br \/>\nIn den Falten der Kunst<\/p>\n<p>HANS DIETER HUBER<br \/>\nInterkontextualit\u00e4t und k\u00fcnstlerische Kompetenz<br \/>\nPlamen Dejanov und Swetlana Heger<\/p>\n<p>DIETMAR KAMPER<br \/>\nKunst jenseits der Kompetenz<\/p>\n<p>PODIUM I<br \/>\nStephan Schmidt-Wulffen, Hans Dieter Huber und Dietmar Kamper<\/p>\n<p>BETTINA ALLAMODA<br \/>\nArchitec-Skulptur or Urban Landart<\/p>\n<p>JEAN-CHRISTOPHE AMMANN<br \/>\nDer 6. Kondratieff und die Kunst<\/p>\n<p>HORST PREHN<br \/>\nZwischen Empfindung und Bedeutung!<\/p>\n<p>STEPHAN SCHMIDT-WULFFEN<br \/>\nEinf\u00fchrende Zusammenfassung des ersten Symposiumtages<\/p>\n<p>CHRISTINE EICHEL<br \/>\nVom Flaschentrockner zur Imbi\u00dfbude &#8211;<br \/>\nk\u00fcnstlerische Strategien in der Ornamentalen Kultur<\/p>\n<p>OLAF NICOLAI<br \/>\nGl\u00e4serne R\u00e4ume (Eine Skizze)<\/p>\n<p>PODIUM II<br \/>\nStephan Schmidt-Wulffen, Christine Eichel und Olaf Nicolai<\/p>\n<p>CHRISTIAN JANECKE<br \/>\nService-Kunst.<br \/>\nNutzungsangebote in Projekten der Gegenwartskunst zwischen Bild und Vorgeblichkeit<\/p>\n<p>KNOWBOTIC RESEARCH (KR*cF)<br \/>\nF\u00fcr eine k\u00fcnstlerische Praxis mit Medien.<br \/>\nMaterial aus Kollaborationen mit Hans Ulrich Reck, Siegfried Zielinski und Knowbotic Research<\/p>\n<p>PODIUM III<br \/>\nStephan Schmidt-Wulffen, Christian Janecke, Christian H\u00fcbler und Olaf Nicolai<\/p>\n","protected":false},"excerpt":{"rendered":"<p>Das gleichnamige Symposium von 1998 brachte den Begriff der Interkontextualit\u00e4t in die Diskussion. Mit der Publikation 2001 war das Projekt dann abgeschlossen.<br \/>\nKunst &#038; Interkontextualit\u00e4t. Mit Jean-Christophe Ammann, Bettina Allamoda, Christine Eichel, Hans Dieter Huber, Christian Janecke, Dietmar Kamper, Olaf Nicolai, Horst Prehn. Herausgegeben von Alexander Koch und Marcel B\u00fchler. Salon Verlag, Berlin 2001<\/p>\n","protected":false},"author":3,"featured_media":2348,"comment_status":"closed","ping_status":"closed","sticky":false,"template":"","format":"standard","meta":{"rop_custom_images_group":[],"rop_custom_messages_group":[],"rop_publish_now":"initial","rop_publish_now_accounts":[],"rop_publish_now_history":[],"rop_publish_now_status":"pending","footnotes":""},"categories":[8],"tags":[],"class_list":["post-154","post","type-post","status-publish","format-standard","has-post-thumbnail","hentry","category-books","entry"],"translation":{"provider":"WPGlobus","version":"3.0.2","language":"en","enabled_languages":["de","en"],"languages":{"de":{"title":true,"content":true,"excerpt":true},"en":{"title":false,"content":false,"excerpt":false}}},"_links":{"self":[{"href":"https:\/\/alexanderkoch.info\/en\/wp-json\/wp\/v2\/posts\/154","targetHints":{"allow":["GET"]}}],"collection":[{"href":"https:\/\/alexanderkoch.info\/en\/wp-json\/wp\/v2\/posts"}],"about":[{"href":"https:\/\/alexanderkoch.info\/en\/wp-json\/wp\/v2\/types\/post"}],"author":[{"embeddable":true,"href":"https:\/\/alexanderkoch.info\/en\/wp-json\/wp\/v2\/users\/3"}],"replies":[{"embeddable":true,"href":"https:\/\/alexanderkoch.info\/en\/wp-json\/wp\/v2\/comments?post=154"}],"version-history":[{"count":9,"href":"https:\/\/alexanderkoch.info\/en\/wp-json\/wp\/v2\/posts\/154\/revisions"}],"predecessor-version":[{"id":2347,"href":"https:\/\/alexanderkoch.info\/en\/wp-json\/wp\/v2\/posts\/154\/revisions\/2347"}],"wp:featuredmedia":[{"embeddable":true,"href":"https:\/\/alexanderkoch.info\/en\/wp-json\/wp\/v2\/media\/2348"}],"wp:attachment":[{"href":"https:\/\/alexanderkoch.info\/en\/wp-json\/wp\/v2\/media?parent=154"}],"wp:term":[{"taxonomy":"category","embeddable":true,"href":"https:\/\/alexanderkoch.info\/en\/wp-json\/wp\/v2\/categories?post=154"},{"taxonomy":"post_tag","embeddable":true,"href":"https:\/\/alexanderkoch.info\/en\/wp-json\/wp\/v2\/tags?post=154"}],"curies":[{"name":"wp","href":"https:\/\/api.w.org\/{rel}","templated":true}]}}